{"id":4572,"date":"2024-02-08T11:37:41","date_gmt":"2024-02-08T11:37:41","guid":{"rendered":"https:\/\/epi-turkiye.net\/epi\/?p=4572"},"modified":"2024-09-03T14:22:57","modified_gmt":"2024-09-03T14:22:57","slug":"epi-birinci-dongu-2008-2010","status":"publish","type":"post","link":"http:\/\/epi-turkiye.net\/epi\/2024\/02\/08\/epi-birinci-dongu-2008-2010\/","title":{"rendered":"EP\u0130 Birinci D\u00f6ng\u00fc: 2008-2010"},"content":{"rendered":"\n<h2 class=\"wp-block-heading\">EP\u0130 Birinci D\u00f6ng\u00fc: 2008-2010<\/h2>\n\n\n\n<p>T\u00fcrkiye, Kurumsal Yap\u0131lanma Kurallar\u0131 paragraf 15\/a uyar\u0131nca haz\u0131rlad\u0131\u011f\u0131 Ulusal Raporu 22 \u015eubat 2010 tarihinde Konsey\u2019e iletti.<\/p>\n\n\n\n<p>Kurumsal Yap\u0131lanma Kurallar\u0131 paragraf 15\/b kapsam\u0131nda T\u00fcrkiye hakk\u0131nda BM organlar\u0131 taraf\u0131ndan verilmi\u015f olan tavsiyeler ve yap\u0131lan de\u011ferlendirmelerin derlemesinden olu\u015fan rapor ise \u0130nsan Haklar\u0131 Y\u00fcksek Komiserli\u011fi taraf\u0131ndan 19 \u015eubat 2010\u2019da Konsey\u2019e sunuldu.<\/p>\n\n\n\n<p>T\u00fcrkiye\u2019nin EP\u0130 de\u011ferlendirmesine esas te\u015fkil eden son rapor ise, Kurumsal Yap\u0131lanma Kurallar\u0131 paragraf 15\/c kapsam\u0131nda yine \u0130nsan Haklar\u0131 Y\u00fcksek Komiserli\u011fince haz\u0131rlanm\u0131\u015f 17 \u015eubat 2010 tarihli belgedir.&nbsp; Bu raporda sivil toplum kurulu\u015flar\u0131 ve insan haklar\u0131 alan\u0131nda \u00e7al\u0131\u015fan \u00f6rg\u00fctlerin de d\u00e2hil oldu\u011fu ilgililerin, T\u00fcrkiye\u2019deki baz\u0131 insan haklar\u0131 uygulamalar\u0131 ve sorun ya\u015fanan meselelere ili\u015fkin olarak iletti\u011fi verilerin bir derlemesi yer almaktad\u0131r.<\/p>\n\n\n\n<p>EP\u0130 kapsam\u0131nda T\u00fcrkiye\u2019nin ilk incelemesi; K\u00fcba, Suudi Arabistan ve Angola\u2019dan olu\u015fan Troyka\u2019n\u0131n raport\u00f6rl\u00fc\u011f\u00fc ile 10 May\u0131s 2010 tarihindeki \u00c7al\u0131\u015fma Grubu oturumunda ger\u00e7ekle\u015ftirildi.<\/p>\n\n\n\n<p>Bu toplant\u0131da T\u00fcrkiye\u2019yi Devlet Bakan\u0131 ve Ba\u015fbakan Yard\u0131mc\u0131s\u0131 Cemil \u00c7i\u00e7ek ba\u015fkanl\u0131\u011f\u0131ndaki \u00fcst d\u00fczey yetkililerden olu\u015fan 23 ki\u015filik bir heyet temsil etti.<\/p>\n\n\n<div class=\"wp-block-image\">\n<figure class=\"aligncenter\"><img fetchpriority=\"high\" decoding=\"async\" width=\"490\" height=\"250\" src=\"https:\/\/epi-turkiye.net\/web\/wp-content\/uploads\/2019\/07\/1.jpg\" alt=\"\" class=\"wp-image-246\" srcset=\"http:\/\/epi-turkiye.net\/epi\/wp-content\/uploads\/2019\/07\/1.jpg 490w, http:\/\/epi-turkiye.net\/epi\/wp-content\/uploads\/2019\/07\/1-300x153.jpg 300w\" sizes=\"(max-width: 490px) 100vw, 490px\" \/><\/figure>\n<\/div>\n\n\n<p>T\u00fcrk H\u00fck\u00fcmeti, \u00c7al\u0131\u015fma Grubu\u2019ndaki kar\u015f\u0131l\u0131kl\u0131 diyalog s\u00fcresince Devletler taraf\u0131ndan dile getirilen g\u00f6r\u00fc\u015f ve \u00f6nerilerin 87\u2019sini kabul etmi\u015ftir.<\/p>\n\n\n\n<p>Devletlerce ileri s\u00fcr\u00fclen ve ana hatlar\u0131yla ayr\u0131mc\u0131l\u0131k ve ifade \u00f6zg\u00fcrl\u00fc\u011f\u00fcne ili\u015fkin 8 \u00f6neri de genel olarak kabul g\u00f6rm\u00fc\u015f ancak bu konular\u0131n zaten hayata ge\u00e7irilmi\u015f veya hayata ge\u00e7irilmekte oldu\u011fu belirtilmi\u015ftir<\/p>\n\n\n\n<p>T\u00fcrkiye taraf\u0131ndan kabul g\u00f6rmeyen g\u00f6r\u00fc\u015f ve \u00f6neriler de \u00c7al\u0131\u015fma Grubu Raporu\u2019nda yer almaktad\u0131r. Olumsuz tav\u0131r belirtilen 58 g\u00f6r\u00fc\u015f\u00fcn \u00f6nemli bir k\u0131sm\u0131, K\u0131br\u0131s sorununa ili\u015fkin konulardad\u0131r. Bu kapsamda T\u00fcrkiye, adadaki varl\u0131\u011f\u0131n\u0131n uluslararas\u0131 antla\u015fmalardan kaynaklanan y\u00fck\u00fcml\u00fcl\u00fcklere dayand\u0131\u011f\u0131 konusunda ki tezini ve G\u00fcney K\u0131br\u0131s Rum Y\u00f6netimini, adan\u0131n tamam\u0131n\u0131 temsil eden bir h\u00fck\u00fcmet olarak tan\u0131mad\u0131\u011f\u0131n\u0131 yinelemi\u015ftir. Raporda ayr\u0131ca, T\u00fcrkiye\u2019nin olumlu veya olumsuz g\u00f6r\u00fc\u015f\u00fcn\u00fc \u00c7al\u0131\u015fma Grubu\u2019nda belirtmedi\u011fi 39 \u00f6neri bulunmaktad\u0131r.<\/p>\n\n\n\n<p>T\u00fcrk h\u00fck\u00fcmeti, i\u00e7 hukuktaki az\u0131nl\u0131k tan\u0131m\u0131n\u0131n uluslararas\u0131 hukuktaki tan\u0131ma uygun hale getirilmesi ve az\u0131nl\u0131k haklar\u0131na ili\u015fkin \u00e7e\u015fitli uluslararas\u0131 s\u00f6zle\u015fmelere ileri s\u00fcrm\u00fc\u015f oldu\u011fu \u00e7ekincelerin geri al\u0131nmas\u0131 y\u00f6n\u00fcndeki g\u00f6r\u00fc\u015fleri ise olumsuz kar\u015f\u0131lam\u0131\u015ft\u0131r.<\/p>\n\n\n\n<p>\u00c7al\u0131\u015fma Grubu Raporu, T\u00fcrkiye\u2019nin kendisine iletilen ele\u015ftiri ve tavsiyelere dair g\u00f6r\u00fc\u015fleri, Devletlerin yorumlar\u0131na cevaben sundu\u011fu beyanlar ve g\u00f6n\u00fcll\u00fc taahh\u00fctlerinden olu\u015fan Nihai Rapor; 22 Eyl\u00fcl 2010\u2019da \u0130nsan Haklar\u0131 Konseyi\u2019nin on be\u015finci oturumunda kabul edilmi\u015ftir. Bu tavsiyelere \u015fu linkten eri\u015filebilir:<\/p>\n\n\n\n<p>T\u00fcrkiye kabul etti\u011fi tavsiyelerin yerine getirilmesi konusundaki \u00e7al\u0131\u015fmalar\u0131na ili\u015fkin bir ara rapor haz\u0131rlamam\u0131\u015ft\u0131r.<\/p>\n\n\n\n<p><a href=\"https:\/\/epi-turkiye.net\/epi\/2022\/04\/07\/turkiyenin-bm-epi\/\" target=\"_blank\" rel=\"noreferrer noopener\">&#8220;1. D\u00f6ng\u00fc (2010-2015),\u00a0EP\u0130 \u0130nceleme raporu \/\/ <em>\u00a0<\/em>BM \u0130nsan Haklar\u0131 Konseyi 16\/21 Say\u0131l\u0131 Karar\u0131 Eki\u2019nin Be\u015finci Paragraf\u0131 Uyar\u0131nca Sunulan Ulusal Rapor-T\u00dcRK\u0130YE \u2013 24 Ekim 2014&#8243; incelemek i\u00e7in TIKLAYINIZ;<\/a><\/p>\n\n\n\n<p><\/p>\n\n\n\n<p><\/p>\n\n\n\n<p><\/p>\n\n\n\n<p><\/p>\n\n\n\n<p><\/p>\n\n\n\n<p><\/p>\n","protected":false},"excerpt":{"rendered":"<p>EP\u0130 Birinci D\u00f6ng\u00fc: 2008-2010 T\u00fcrkiye, Kurumsal Yap\u0131lanma Kurallar\u0131 paragraf 15\/a uyar\u0131nca haz\u0131rlad\u0131\u011f\u0131 Ulusal Raporu 22 \u015eubat 2010 tarihinde Konsey\u2019e iletti. Kurumsal Yap\u0131lanma Kurallar\u0131 paragraf 15\/b kapsam\u0131nda T\u00fcrkiye hakk\u0131nda BM organlar\u0131 taraf\u0131ndan verilmi\u015f olan tavsiyeler ve yap\u0131lan de\u011ferlendirmelerin derlemesinden olu\u015fan rapor ise \u0130nsan Haklar\u0131 Y\u00fcksek Komiserli\u011fi taraf\u0131ndan 19 \u015eubat 2010\u2019da Konsey\u2019e sunuldu. T\u00fcrkiye\u2019nin EP\u0130 de\u011ferlendirmesine esas [&hellip;]<\/p>\n","protected":false},"author":1,"featured_media":0,"comment_status":"closed","ping_status":"closed","sticky":false,"template":"","format":"standard","meta":{"footnotes":""},"categories":[78,73],"tags":[],"class_list":["post-4572","post","type-post","status-publish","format-standard","hentry","category-epi-birinci-dongu-2006-2010","category-epi-ve-turkiye"],"_links":{"self":[{"href":"http:\/\/epi-turkiye.net\/epi\/wp-json\/wp\/v2\/posts\/4572","targetHints":{"allow":["GET"]}}],"collection":[{"href":"http:\/\/epi-turkiye.net\/epi\/wp-json\/wp\/v2\/posts"}],"about":[{"href":"http:\/\/epi-turkiye.net\/epi\/wp-json\/wp\/v2\/types\/post"}],"author":[{"embeddable":true,"href":"http:\/\/epi-turkiye.net\/epi\/wp-json\/wp\/v2\/users\/1"}],"replies":[{"embeddable":true,"href":"http:\/\/epi-turkiye.net\/epi\/wp-json\/wp\/v2\/comments?post=4572"}],"version-history":[{"count":4,"href":"http:\/\/epi-turkiye.net\/epi\/wp-json\/wp\/v2\/posts\/4572\/revisions"}],"predecessor-version":[{"id":4904,"href":"http:\/\/epi-turkiye.net\/epi\/wp-json\/wp\/v2\/posts\/4572\/revisions\/4904"}],"wp:attachment":[{"href":"http:\/\/epi-turkiye.net\/epi\/wp-json\/wp\/v2\/media?parent=4572"}],"wp:term":[{"taxonomy":"category","embeddable":true,"href":"http:\/\/epi-turkiye.net\/epi\/wp-json\/wp\/v2\/categories?post=4572"},{"taxonomy":"post_tag","embeddable":true,"href":"http:\/\/epi-turkiye.net\/epi\/wp-json\/wp\/v2\/tags?post=4572"}],"curies":[{"name":"wp","href":"https:\/\/api.w.org\/{rel}","templated":true}]}}