{"id":213,"date":"2021-07-29T12:44:33","date_gmt":"2021-07-29T09:44:33","guid":{"rendered":"https:\/\/epi-turkiye.net\/web\/?p=213"},"modified":"2024-09-03T14:37:17","modified_gmt":"2024-09-03T14:37:17","slug":"13-iklim-eylemleri","status":"publish","type":"post","link":"https:\/\/epi-turkiye.net\/epi\/2021\/07\/29\/13-iklim-eylemleri\/","title":{"rendered":"13-\u0130KL\u0130M EYLEMLER\u0130"},"content":{"rendered":"<p style=\"text-align: justify;\">D\u00fcnya \u00fczerinde iklim de\u011fi\u015fikli\u011finin a\u011f\u0131r etkilerini bizzat ya\u015famayan tek \u00fclke yoktur. Sera gaz\u0131 emisyonlar\u0131 atmaya devam ediyor ve \u015fu anda, 1990 y\u0131l\u0131ndaki d\u00fczeye g\u00f6re %50 artm\u0131\u015f durumdad\u0131r. Do\u011fu Avrupa ve Orta Asya, b\u00fcy\u00fck sera gaz\u0131 emisyonu \u00fcreticileri de\u011filler; ancak iklim de\u011fi\u015fikli\u011finin sonu\u00e7lar\u0131ndan orant\u0131s\u0131z bi\u00e7imde zarar g\u00f6r\u00fcyorlar.<\/p>\n<p>Bat\u0131 Balkanlardaki sel felaketi binlerce evi y\u0131km\u0131\u015f ve insanlar\u0131 yerinden etmi\u015ftir. K\u00fc\u00e7\u00fclen buzullar ve Orta Asya\u2019da azalan su kaynaklar\u0131, sulama ve hidroelektrik \u00fcretimini ciddi bi\u00e7imde etkileyebilir. Moldova ve G\u00fcney Ukrayna\u2019da a\u011f\u0131r kurakl\u0131k ya\u015fan\u0131yor ve b\u00fcy\u00fck zirai kayba neden oluyor.<\/p>\n<p>B\u00f6lge genelinde insanlar sera gaz\u0131 emisyonlar\u0131n\u0131 d\u00fc\u015f\u00fcrmek, can kurtarmak ve toplumlar\u0131n d\u00fcze \u00e7\u0131kmas\u0131na yard\u0131mc\u0131 olmak i\u00e7in seferber olmu\u015f durumdad\u0131r. H\u0131rvatistan\u2019\u0131n ba\u015fkenti, 2050 y\u0131l\u0131na kadar s\u0131f\u0131r karbonlu \u015fehir olaca\u011f\u0131n\u0131 vaad etmi\u015ftir. Belarus\u2019un turbal\u0131k alanlar\u0131nda karbonun yeralt\u0131nda g\u00fcvenle saklanmas\u0131 i\u00e7in emsalsiz ad\u0131mlar at\u0131l\u0131yor. G\u00fcrcistan \u015fimdiden, sel felaketine kar\u015f\u0131 ileri uyar\u0131 sistemleri ve daha iyi koruma geli\u015ftirmi\u015ftir.<\/p>\n<p>K\u00fcresel \u0131s\u0131nma, insanlar\u0131n hayat\u0131n\u0131 ciddi \u00f6l\u00e7\u00fcde etkiliyor. Hemen \u015fimdi harekete ge\u00e7meliyiz.<\/p>\n","protected":false},"excerpt":{"rendered":"<p>D\u00fcnya \u00fczerinde iklim de\u011fi\u015fikli\u011finin a\u011f\u0131r etkilerini bizzat ya\u015famayan tek \u00fclke yoktur. Sera gaz\u0131 emisyonlar\u0131 atmaya devam ediyor ve \u015fu anda, 1990 y\u0131l\u0131ndaki d\u00fczeye g\u00f6re %50 artm\u0131\u015f durumdad\u0131r. Do\u011fu Avrupa ve Orta Asya, b\u00fcy\u00fck sera gaz\u0131 emisyonu \u00fcreticileri de\u011filler; ancak iklim de\u011fi\u015fikli\u011finin sonu\u00e7lar\u0131ndan orant\u0131s\u0131z bi\u00e7imde zarar g\u00f6r\u00fcyorlar. Bat\u0131 Balkanlardaki sel felaketi binlerce evi y\u0131km\u0131\u015f ve insanlar\u0131 [&hellip;]<\/p>\n","protected":false},"author":3,"featured_media":214,"comment_status":"closed","ping_status":"closed","sticky":false,"template":"","format":"standard","meta":{"footnotes":""},"categories":[60],"tags":[],"class_list":["post-213","post","type-post","status-publish","format-standard","has-post-thumbnail","hentry","category-izleme-alanlari"],"_links":{"self":[{"href":"https:\/\/epi-turkiye.net\/epi\/wp-json\/wp\/v2\/posts\/213","targetHints":{"allow":["GET"]}}],"collection":[{"href":"https:\/\/epi-turkiye.net\/epi\/wp-json\/wp\/v2\/posts"}],"about":[{"href":"https:\/\/epi-turkiye.net\/epi\/wp-json\/wp\/v2\/types\/post"}],"author":[{"embeddable":true,"href":"https:\/\/epi-turkiye.net\/epi\/wp-json\/wp\/v2\/users\/3"}],"replies":[{"embeddable":true,"href":"https:\/\/epi-turkiye.net\/epi\/wp-json\/wp\/v2\/comments?post=213"}],"version-history":[{"count":1,"href":"https:\/\/epi-turkiye.net\/epi\/wp-json\/wp\/v2\/posts\/213\/revisions"}],"predecessor-version":[{"id":4927,"href":"https:\/\/epi-turkiye.net\/epi\/wp-json\/wp\/v2\/posts\/213\/revisions\/4927"}],"wp:featuredmedia":[{"embeddable":true,"href":"https:\/\/epi-turkiye.net\/epi\/wp-json\/wp\/v2\/media\/214"}],"wp:attachment":[{"href":"https:\/\/epi-turkiye.net\/epi\/wp-json\/wp\/v2\/media?parent=213"}],"wp:term":[{"taxonomy":"category","embeddable":true,"href":"https:\/\/epi-turkiye.net\/epi\/wp-json\/wp\/v2\/categories?post=213"},{"taxonomy":"post_tag","embeddable":true,"href":"https:\/\/epi-turkiye.net\/epi\/wp-json\/wp\/v2\/tags?post=213"}],"curies":[{"name":"wp","href":"https:\/\/api.w.org\/{rel}","templated":true}]}}