{"id":350,"date":"2023-06-18T07:07:30","date_gmt":"2023-06-18T04:07:30","guid":{"rendered":"https:\/\/epi-turkiye.net\/web\/?p=350"},"modified":"2024-09-03T14:35:21","modified_gmt":"2024-09-03T14:35:21","slug":"2020-tavsiyelerinin-uygulanmasi-45-14-nolu-tavsiye-iklim-degisikligine-dair-paris-anlasmasinin-onaylanmasi","status":"publish","type":"post","link":"https:\/\/epi-turkiye.net\/epi\/2023\/06\/18\/2020-tavsiyelerinin-uygulanmasi-45-14-nolu-tavsiye-iklim-degisikligine-dair-paris-anlasmasinin-onaylanmasi\/","title":{"rendered":"2020 Tavsiyelerinin Uygulanmas\u0131: 45.14 Nolu Tavsiye (\u0130klim De\u011fi\u015fikli\u011fine Dair Paris Anla\u015fmas\u0131n\u0131n Onaylanmas\u0131)"},"content":{"rendered":"<p>2020 y\u0131l\u0131 tavsiyeleri aras\u0131nda yer alan ve T\u00fcrkiye&#8217;nin not etti\u011fi &#8220;<a href=\"https:\/\/epi-turkiye.net\/vt\/epi_list.php?qs=45.14&amp;f=all\">45.14 \u0130klim De\u011fi\u015fikli\u011fine dair Paris Anla\u015fmas\u0131\u2019n\u0131n onaylanmas\u0131 ve uygulanmas\u0131nda toplumsal cinsiyet e\u015fitli\u011finin ana ak\u0131mla\u015ft\u0131r\u0131lmas\u0131<\/a>&#8221;\u00a0 tavsiyesi k\u0131smen yerine getirildi.<\/p>\n<p>TBMM Genel Kurulu taraf\u0131ndan 6 Ekim2021 tarihinde onaylanmas\u0131 uygun bulunan Paris Anla\u015fmas\u0131 (7335 say\u0131l\u0131 Kanun) 7 Ekim 2021 tarihli\u00a0<a href=\"https:\/\/www.resmigazete.gov.tr\/fihrist?tarih=2021-10-07&amp;mukerrer=1\">Resmi Gazetede<\/a> yay\u0131nlanarak y\u00fcr\u00fcrl\u00fc\u011fe girdi. T\u00fcrkiye Anla\u015fmay\u0131 a\u015fa\u011f\u0131da yer alan bir beyan ile onaylad\u0131.<\/p>\n<p>\u201c<em>T\u00fcrkiye Cumhuriyeti, 9 May\u0131s 1992 tarihli Birle\u015fmi\u015f Milletler \u0130klim De\u011fi\u015fikli\u011fi \u00c7er\u00e7eve S\u00f6zle\u015fmesi *ve Paris Anla\u015fmas\u0131nda, a\u00e7\u0131k\u00e7a ve kesin olarak kabul edilen \u201chakkaniyet, ortak fakat farkl\u0131la\u015ft\u0131r\u0131lm\u0131\u015f sorumluluklar ve g\u00f6reli kabiliyetler\u201d temelinde ve S\u00f6zle\u015fmenin Taraflar Konferans\u0131nda kabul edilen 26\/CP.7, 1\/CP.16, 2\/CP.18 ve 21\/CP.20 say\u0131l\u0131 kararlar\u0131n\u0131 hat\u0131rlatarak, Paris Anla\u015fmas\u0131n\u0131 geli\u015fmekte olan bir \u00fclke olarak ve ulusal katk\u0131 beyanlar\u0131 \u00e7er\u00e7evesinde, Anla\u015fman\u0131n ve mekanizmalar\u0131n\u0131n ekonomik ve sosyal kalk\u0131nma hakk\u0131na halel getirmemesi kayd\u0131yla uygulayaca\u011f\u0131n\u0131 beyan eder<\/em>\u201d.<\/p>\n<p>S\u00f6zle\u015fme&#8217;nin onaylanmas\u0131n\u0131n ard\u0131ndan, \u00a013 Nisan 2023 tarihinde G\u00fcncellenmi\u015f Ulusal Katk\u0131 Beyan\u0131\u2019n\u0131 <a href=\"https:\/\/unfccc.int\/documents\/627743\">BM \u0130klim S\u00f6zle\u015fmesi Sekreteryas\u0131na<\/a>* iletmi\u015ftir.<\/p>\n<p>Katk\u0131 Beyan\u0131n\u0131n T\u00fcrk\u00e7e ve \u0130ngilizce metinleri i\u00e7in bkz.\u00a0<a href=\"https:\/\/iklim.gov.tr\/guncellenmis-birinci-ulusal-katki-beyani-sunuldu-haber-1139\">\u00c7evre, \u015eehircilik ve \u0130klim Bakanl\u0131\u011f\u0131\u00a0<\/a><\/p>\n","protected":false},"excerpt":{"rendered":"<p>2020 y\u0131l\u0131 tavsiyeleri aras\u0131nda yer alan ve T\u00fcrkiye&#8217;nin not etti\u011fi &#8220;45.14 \u0130klim De\u011fi\u015fikli\u011fine dair Paris Anla\u015fmas\u0131\u2019n\u0131n onaylanmas\u0131 ve uygulanmas\u0131nda toplumsal cinsiyet e\u015fitli\u011finin ana ak\u0131mla\u015ft\u0131r\u0131lmas\u0131&#8221;\u00a0 tavsiyesi k\u0131smen yerine getirildi. TBMM Genel Kurulu taraf\u0131ndan 6 Ekim2021 tarihinde onaylanmas\u0131 uygun bulunan Paris Anla\u015fmas\u0131 (7335 say\u0131l\u0131 Kanun) 7 Ekim 2021 tarihli\u00a0Resmi Gazetede yay\u0131nlanarak y\u00fcr\u00fcrl\u00fc\u011fe girdi. T\u00fcrkiye Anla\u015fmay\u0131 a\u015fa\u011f\u0131da yer [&hellip;]<\/p>\n","protected":false},"author":4,"featured_media":162,"comment_status":"closed","ping_status":"closed","sticky":false,"template":"","format":"standard","meta":{"footnotes":""},"categories":[65],"tags":[],"class_list":["post-350","post","type-post","status-publish","format-standard","has-post-thumbnail","hentry","category-bilgi-notlari"],"_links":{"self":[{"href":"https:\/\/epi-turkiye.net\/epi\/wp-json\/wp\/v2\/posts\/350","targetHints":{"allow":["GET"]}}],"collection":[{"href":"https:\/\/epi-turkiye.net\/epi\/wp-json\/wp\/v2\/posts"}],"about":[{"href":"https:\/\/epi-turkiye.net\/epi\/wp-json\/wp\/v2\/types\/post"}],"author":[{"embeddable":true,"href":"https:\/\/epi-turkiye.net\/epi\/wp-json\/wp\/v2\/users\/4"}],"replies":[{"embeddable":true,"href":"https:\/\/epi-turkiye.net\/epi\/wp-json\/wp\/v2\/comments?post=350"}],"version-history":[{"count":1,"href":"https:\/\/epi-turkiye.net\/epi\/wp-json\/wp\/v2\/posts\/350\/revisions"}],"predecessor-version":[{"id":4915,"href":"https:\/\/epi-turkiye.net\/epi\/wp-json\/wp\/v2\/posts\/350\/revisions\/4915"}],"wp:featuredmedia":[{"embeddable":true,"href":"https:\/\/epi-turkiye.net\/epi\/wp-json\/wp\/v2\/media\/162"}],"wp:attachment":[{"href":"https:\/\/epi-turkiye.net\/epi\/wp-json\/wp\/v2\/media?parent=350"}],"wp:term":[{"taxonomy":"category","embeddable":true,"href":"https:\/\/epi-turkiye.net\/epi\/wp-json\/wp\/v2\/categories?post=350"},{"taxonomy":"post_tag","embeddable":true,"href":"https:\/\/epi-turkiye.net\/epi\/wp-json\/wp\/v2\/tags?post=350"}],"curies":[{"name":"wp","href":"https:\/\/api.w.org\/{rel}","templated":true}]}}