{"id":4568,"date":"2024-02-08T11:33:14","date_gmt":"2024-02-08T11:33:14","guid":{"rendered":"https:\/\/epi-turkiye.net\/epi\/?p=4568"},"modified":"2025-07-02T02:37:01","modified_gmt":"2025-07-02T02:37:01","slug":"epi-ucuncu-dongu-2015-2020","status":"publish","type":"post","link":"https:\/\/epi-turkiye.net\/epi\/2024\/02\/08\/epi-ucuncu-dongu-2015-2020\/","title":{"rendered":"EP\u0130 \u00dc\u00e7\u00fcnc\u00fc D\u00f6ng\u00fc: 2015-2020"},"content":{"rendered":"\n<h2 class=\"wp-block-heading\">EP\u0130 \u00dc\u00e7\u00fcnc\u00fc D\u00f6ng\u00fc: 2015-2020<\/h2>\n\n\n\n<p><strong>EP\u0130 \u00dc\u00e7\u00fcnc\u00fc D\u00f6ng\u00fc: 2015-2020<\/strong><br>29 Temmuz 2015 tarihinde \u0130nsan Haklar\u0131 Konseyi taraf\u0131ndan kabul edilen Sonu\u00e7 Raporu ile ba\u015flayan \u00fc\u00e7\u00fcnc\u00fc EP\u0130 d\u00f6ng\u00fcs\u00fc, 28 Ocak 2020 tarihindeki en son inceleme oturumuna kadar devam etti.<\/p>\n\n\n\n<p>Sivil toplum kurulu\u015flar\u0131 payda\u015f raporlar\u0131n\u0131 18 Temmuz 2019 tarihinde, H\u00fck\u00fcmet ise 14 Ekim 2019 tarihinde BM \u0130nsan Haklar\u0131 Y\u00fcksek Komiserli\u011fine teslim ettiler. \u0130nsan Haklar\u0131 Y\u00fcksek Komiserli\u011fi, kendi haz\u0131rlad\u0131\u011f\u0131 BM \u0130nsan Haklar\u0131 Organlar\u0131n\u0131n bilgilerinden haz\u0131rlad\u0131\u011f\u0131<a href=\"https:\/\/epi-turkiye.net\/epi\/2020\/01\/24\/birlesmis-milletler-insan-haklari-yuksek-komiserliginin-raporu\/\">\u00a0<\/a><a href=\"https:\/\/epi-turkiye.net\/epi\/2020\/01\/24\/birlesmis-milletler-insan-haklari-yuksek-komiserliginin-raporu\/\" target=\"_blank\" rel=\"noreferrer noopener\">rapor<\/a>\u00a0da d\u00e2hil olmak \u00fczere\u00a0<a href=\"https:\/\/epi-turkiye.net\/epi\/2020\/01\/24\/103\/\" target=\"_blank\" rel=\"noreferrer noopener\">Ulusal Raporu<\/a>\u00a0ve\u00a0<a href=\"https:\/\/epi-turkiye.net\/epi\/2020\/01\/24\/paydas-raporu\/\" target=\"_blank\" rel=\"noreferrer noopener\">Payda\u015f Raporunu<\/a>\u00a012 Kas\u0131m 2019 tarihinde yay\u0131nlad\u0131. Sivil Toplum kurulu\u015flar\u0131 Ulusal Raporu \u0130nsan Haklar\u0131 Y\u00fcksek Komiserli\u011fi yay\u0131nlayana kadar g\u00f6rmediler.<br>T\u00fcrkiye, 2015-2020 uygulama d\u00f6neminde bir ara rapor haz\u0131rlamad\u0131.<br>\u0130nceleme s\u00fcrecini kolayla\u015ft\u0131rmak \u00fczere Bahreyn, Slovakya ve Somali delegelerinden olu\u015fan TROYKA 14 Ocak 2020 tarihinde ilan edildi.<br>\u0130nceleme Oturumu \u00f6ncesinde 11 devlet (\u0130sve\u00e7, Kanada, Portekiz, Bel\u00e7ika, Lihten\u015ftayn, Birle\u015fik Krall\u0131k, \u0130svi\u00e7re, Slovenya, Almanya, ABD ve Ermenistan) toplam 54 soru y\u00f6nelttiler.<br>28 Ocak 2020 tarihinde ger\u00e7ekle\u015fen etkile\u015fimli diyalog toplant\u0131s\u0131nda 124 devlet temsilcisi s\u00f6z ald\u0131. Bu toplant\u0131da T\u00fcrkiye\u2019yi, D\u0131\u015fi\u015fleri Bakan yard\u0131mc\u0131s\u0131 B\u00fcy\u00fckel\u00e7i Faruk Kaymak\u00e7\u0131 ba\u015fkanl\u0131\u011f\u0131nda \u00fcst d\u00fczey yetkililerinden olu\u015fan 23 ki\u015filik bir heyet temsil etti.<\/p>\n\n\n\n<p>2020 y\u0131l\u0131 EP\u0130 tavsiyelerine eri\u015fmek i\u00e7in<a href=\"https:\/\/epi-turkiye.net\/vt\/epi_list.php?f=(dongu~equals~3.%20D%C3%96NG%C3%9C%20(2020)%20TAVSiYELERi)\" target=\"_blank\" rel=\"noreferrer noopener\">&nbsp;t\u0131klay\u0131n.<\/a><\/p>\n","protected":false},"excerpt":{"rendered":"<p>EP\u0130 \u00dc\u00e7\u00fcnc\u00fc D\u00f6ng\u00fc: 2015-2020 EP\u0130 \u00dc\u00e7\u00fcnc\u00fc D\u00f6ng\u00fc: 2015-202029 Temmuz 2015 tarihinde \u0130nsan Haklar\u0131 Konseyi taraf\u0131ndan kabul edilen Sonu\u00e7 Raporu ile ba\u015flayan \u00fc\u00e7\u00fcnc\u00fc EP\u0130 d\u00f6ng\u00fcs\u00fc, 28 Ocak 2020 tarihindeki en son inceleme oturumuna kadar devam etti. Sivil toplum kurulu\u015flar\u0131 payda\u015f raporlar\u0131n\u0131 18 Temmuz 2019 tarihinde, H\u00fck\u00fcmet ise 14 Ekim 2019 tarihinde BM \u0130nsan Haklar\u0131 Y\u00fcksek Komiserli\u011fine [&hellip;]<\/p>\n","protected":false},"author":1,"featured_media":239,"comment_status":"closed","ping_status":"closed","sticky":false,"template":"","format":"standard","meta":{"footnotes":""},"categories":[76,73],"tags":[],"class_list":["post-4568","post","type-post","status-publish","format-standard","has-post-thumbnail","hentry","category-epi-ucuncu-dongu-2015-2020","category-epi-ve-turkiye"],"_links":{"self":[{"href":"https:\/\/epi-turkiye.net\/epi\/wp-json\/wp\/v2\/posts\/4568","targetHints":{"allow":["GET"]}}],"collection":[{"href":"https:\/\/epi-turkiye.net\/epi\/wp-json\/wp\/v2\/posts"}],"about":[{"href":"https:\/\/epi-turkiye.net\/epi\/wp-json\/wp\/v2\/types\/post"}],"author":[{"embeddable":true,"href":"https:\/\/epi-turkiye.net\/epi\/wp-json\/wp\/v2\/users\/1"}],"replies":[{"embeddable":true,"href":"https:\/\/epi-turkiye.net\/epi\/wp-json\/wp\/v2\/comments?post=4568"}],"version-history":[{"count":5,"href":"https:\/\/epi-turkiye.net\/epi\/wp-json\/wp\/v2\/posts\/4568\/revisions"}],"predecessor-version":[{"id":4898,"href":"https:\/\/epi-turkiye.net\/epi\/wp-json\/wp\/v2\/posts\/4568\/revisions\/4898"}],"wp:featuredmedia":[{"embeddable":true,"href":"https:\/\/epi-turkiye.net\/epi\/wp-json\/wp\/v2\/media\/239"}],"wp:attachment":[{"href":"https:\/\/epi-turkiye.net\/epi\/wp-json\/wp\/v2\/media?parent=4568"}],"wp:term":[{"taxonomy":"category","embeddable":true,"href":"https:\/\/epi-turkiye.net\/epi\/wp-json\/wp\/v2\/categories?post=4568"},{"taxonomy":"post_tag","embeddable":true,"href":"https:\/\/epi-turkiye.net\/epi\/wp-json\/wp\/v2\/tags?post=4568"}],"curies":[{"name":"wp","href":"https:\/\/api.w.org\/{rel}","templated":true}]}}