{"id":4570,"date":"2024-02-08T11:35:16","date_gmt":"2024-02-08T11:35:16","guid":{"rendered":"https:\/\/epi-turkiye.net\/epi\/?p=4570"},"modified":"2024-09-03T14:18:44","modified_gmt":"2024-09-03T14:18:44","slug":"epi-ikinci-dongu-2010-2015","status":"publish","type":"post","link":"https:\/\/epi-turkiye.net\/epi\/2024\/02\/08\/epi-ikinci-dongu-2010-2015\/","title":{"rendered":"EP\u0130 \u0130kinci D\u00f6ng\u00fc: 2010-2015"},"content":{"rendered":"\n<h2 class=\"wp-block-heading\">EP\u0130 \u0130kinci D\u00f6ng\u00fc: 2010-2015<\/h2>\n\n\n\n<p>T\u00fcrkiye\u2019nin ikinci d\u00f6ng\u00fcs\u00fc, 22 Eyl\u00fcl 2010 tarihinde inceleme sonu\u00e7lar\u0131n\u0131n yer ald\u0131\u011f\u0131 belgenin \u0130nsan Haklar\u0131 Konseyi toplant\u0131s\u0131nda kabul\u00fc ile ba\u015flad\u0131.<\/p>\n\n\n\n<p>H\u00fck\u00fcmet haz\u0131rlad\u0131\u011f\u0131\u00a0<a href=\"https:\/\/epi-turkiye.net\/epi\/2024\/02\/08\/bm-insan-haklari-konseyi-16-21-sayili-karari-ekinin-besinci-paragrafi-uyarinca-sunulan-ulusal-rapor-turkiye-24-ekim-2014\/\" target=\"_blank\" rel=\"noreferrer noopener\">Ulusal Raporu<\/a>\u00a024 Ekim 2014 tarihinde Konsey\u2019e iletti. T\u00fcrkiye hakk\u0131nda BM organlar\u0131 taraf\u0131ndan ortaya konmu\u015f bilgilerin derlemesinden olu\u015fan rapor ise \u0130nsan Haklar\u0131 Y\u00fcksek Komiserli\u011fi taraf\u0131ndan 12 Kas\u0131m 2014 tarihinde Konsey\u2019e sunulmu\u015ftur.<\/p>\n\n\n\n<p>Avrupa Konseyi de d\u00e2hil olmak \u00fczere sivil toplum kurulu\u015flar\u0131 ve insan haklar\u0131 alan\u0131nda \u00e7al\u0131\u015fan \u00f6rg\u00fctlerin de d\u00e2hil oldu\u011fu payda\u015flar\u0131n, T\u00fcrkiye\u2019deki baz\u0131 insan haklar\u0131 uygulamalar\u0131 ve sorun ya\u015fanan meselelere ili\u015fkin olarak haz\u0131rlad\u0131\u011f\u0131 raporlardan \u0130nsan Haklar\u0131 Y\u00fcksek Komiserli\u011fince haz\u0131rlanm\u0131\u015f derlemesi de 27 Ekim 2014 tarihinde \u00c7al\u0131\u015fma Grubuna iletildi.<\/p>\n\n\n\n<p>EP\u0130 kapsam\u0131nda T\u00fcrkiye\u2019nin ikinci incelemesi; 13 Ocak 2015 tarihinde yap\u0131lan kura \u00e7ekme yoluyla K\u00fcba, Suudi Arabistan ve Gabon\u2019dan olu\u015fan Troyka\u2019n\u0131n raport\u00f6rl\u00fc\u011f\u00fc ile 27 Ocak 2015 tarihindeki EP\u0130 \u00c7al\u0131\u015fma Grubu oturumunda ger\u00e7ekle\u015ftirildi.<\/p>\n\n\n<div class=\"wp-block-image\">\n<figure class=\"aligncenter\"><img fetchpriority=\"high\" decoding=\"async\" width=\"550\" height=\"330\" src=\"https:\/\/epi-turkiye.net\/web\/wp-content\/uploads\/2019\/07\/2.jpg\" alt=\"\" class=\"wp-image-248\" srcset=\"https:\/\/epi-turkiye.net\/epi\/wp-content\/uploads\/2019\/07\/2.jpg 550w, https:\/\/epi-turkiye.net\/epi\/wp-content\/uploads\/2019\/07\/2-300x180.jpg 300w\" sizes=\"(max-width: 550px) 100vw, 550px\" \/><\/figure>\n<\/div>\n\n\n<p>Bu toplant\u0131da T\u00fcrkiye\u2019yi Ba\u015fbakan Yard\u0131mc\u0131s\u0131 B\u00fclent Ar\u0131n\u00e7 ba\u015fkanl\u0131\u011f\u0131ndaki \u00fcst d\u00fczey yetkililerden olu\u015fan 24 ki\u015filik bir heyet temsil etti.<br>Troyka, Bel\u00e7ika, Hollanda, ABD, \u00c7ekya, Almanya, Norve\u00e7, \u0130spanya, \u0130sve\u00e7, Birle\u015fik Krall\u0131k ve Kuzey \u0130rlanda, \u0130svi\u00e7re ve Slovenya taraf\u0131ndan haz\u0131rlanan 58 yaz\u0131l\u0131 soruyu oturum \u00f6ncesi T\u00fcrkiye\u2019ye iletti.<br>27 Ocak 2015 tarihli oturumda T\u00fcrkiye \u00f6nden verilen sorular ile birlikte kendi Ulusal raporuna ili\u015fkin g\u00f6r\u00fc\u015flerini sundu. Oturumun etkile\u015fimli diyalog b\u00f6l\u00fcm\u00fcnde 116 Delegasyon s\u00f6z ald\u0131 ve tavsiyelerde bulundu.<br>Etkile\u015fimli diyalog oturumunda T\u00fcrkiye verilen tavsiyelerin 153\u2019\u00fcn\u00fc destekledi\u011fini, 46 tavsiyenin h\u00e2lihaz\u0131rda uygulanmakta oldu\u011funu, 52 Tavsiyeye ili\u015fkin de\u011ferlendirmesini daha sonra verece\u011fini, 27 Tavsiyeyi ise desteklemedi\u011fini bildirdi.<br>29 Ocak 2015 tarihinde EP\u0130 \u00c7al\u0131\u015fma Grubu, T\u00fcrkiye\u2019nin raporunu kabul etti.<br>T\u00fcrkiye, 10 Haziran 2015 tarihinde yaz\u0131l\u0131 olarak 52 tavsiye konusundaki g\u00f6r\u00fc\u015flerini bildirdi.<br>29 Temmuz 2015 tarihinde ise \u0130nsan Haklar\u0131 Konseyi Genel Kurulunda T\u00fcrkiye raporu kabul edildi.<\/p>\n\n\n\n<p><a href=\"http:\/\/epi-turkiye.net\/epi\/wp-content\/uploads\/2020\/01\/BM-IHYK-Turkiye-Derlemesi_TR-1.pdf\" target=\"_blank\" rel=\"noreferrer noopener\">BM RAPORUNU \u0130ND\u0130RMEK \u0130\u00c7\u0130N TIKLAYINIZ<\/a><\/p>\n\n\n\n<p>2015 Y\u0131l\u0131 EP\u0130 Tavsiyelerine eri\u015fmek i\u00e7in\u00a0<a href=\"https:\/\/epi-turkiye.net\/vt\/epi_list.php?f=(dongu~equals~2.%20D%C3%96NG%C3%9C%20(2015)%20TAVSiYELERi)\" target=\"_blank\" rel=\"noreferrer noopener\">t\u0131klay\u0131n.<\/a><\/p>\n\n\n\n<p><\/p>\n\n\n\n<p><\/p>\n","protected":false},"excerpt":{"rendered":"<p>EP\u0130 \u0130kinci D\u00f6ng\u00fc: 2010-2015 T\u00fcrkiye\u2019nin ikinci d\u00f6ng\u00fcs\u00fc, 22 Eyl\u00fcl 2010 tarihinde inceleme sonu\u00e7lar\u0131n\u0131n yer ald\u0131\u011f\u0131 belgenin \u0130nsan Haklar\u0131 Konseyi toplant\u0131s\u0131nda kabul\u00fc ile ba\u015flad\u0131. H\u00fck\u00fcmet haz\u0131rlad\u0131\u011f\u0131\u00a0Ulusal Raporu\u00a024 Ekim 2014 tarihinde Konsey\u2019e iletti. T\u00fcrkiye hakk\u0131nda BM organlar\u0131 taraf\u0131ndan ortaya konmu\u015f bilgilerin derlemesinden olu\u015fan rapor ise \u0130nsan Haklar\u0131 Y\u00fcksek Komiserli\u011fi taraf\u0131ndan 12 Kas\u0131m 2014 tarihinde Konsey\u2019e sunulmu\u015ftur. Avrupa [&hellip;]<\/p>\n","protected":false},"author":1,"featured_media":0,"comment_status":"closed","ping_status":"closed","sticky":false,"template":"","format":"standard","meta":{"footnotes":""},"categories":[77,73],"tags":[],"class_list":["post-4570","post","type-post","status-publish","format-standard","hentry","category-epi-ikinci-dongu-2010-2015","category-epi-ve-turkiye"],"_links":{"self":[{"href":"https:\/\/epi-turkiye.net\/epi\/wp-json\/wp\/v2\/posts\/4570","targetHints":{"allow":["GET"]}}],"collection":[{"href":"https:\/\/epi-turkiye.net\/epi\/wp-json\/wp\/v2\/posts"}],"about":[{"href":"https:\/\/epi-turkiye.net\/epi\/wp-json\/wp\/v2\/types\/post"}],"author":[{"embeddable":true,"href":"https:\/\/epi-turkiye.net\/epi\/wp-json\/wp\/v2\/users\/1"}],"replies":[{"embeddable":true,"href":"https:\/\/epi-turkiye.net\/epi\/wp-json\/wp\/v2\/comments?post=4570"}],"version-history":[{"count":7,"href":"https:\/\/epi-turkiye.net\/epi\/wp-json\/wp\/v2\/posts\/4570\/revisions"}],"predecessor-version":[{"id":4902,"href":"https:\/\/epi-turkiye.net\/epi\/wp-json\/wp\/v2\/posts\/4570\/revisions\/4902"}],"wp:attachment":[{"href":"https:\/\/epi-turkiye.net\/epi\/wp-json\/wp\/v2\/media?parent=4570"}],"wp:term":[{"taxonomy":"category","embeddable":true,"href":"https:\/\/epi-turkiye.net\/epi\/wp-json\/wp\/v2\/categories?post=4570"},{"taxonomy":"post_tag","embeddable":true,"href":"https:\/\/epi-turkiye.net\/epi\/wp-json\/wp\/v2\/tags?post=4570"}],"curies":[{"name":"wp","href":"https:\/\/api.w.org\/{rel}","templated":true}]}}