{"id":4574,"date":"2024-02-08T11:49:42","date_gmt":"2024-02-08T11:49:42","guid":{"rendered":"https:\/\/epi-turkiye.net\/epi\/?p=4574"},"modified":"2024-03-04T10:53:05","modified_gmt":"2024-03-04T10:53:05","slug":"cedaw-komitesi-turkiyeye-iliskin-nihai-gozlem-raporunu-yayinladi","status":"publish","type":"post","link":"https:\/\/epi-turkiye.net\/epi\/2024\/02\/08\/cedaw-komitesi-turkiyeye-iliskin-nihai-gozlem-raporunu-yayinladi\/","title":{"rendered":"CEDAW KOM\u0130TES\u0130 T\u00dcRK\u0130YE\u2019YE \u0130L\u0130\u015eK\u0130N N\u0130HA\u0130 G\u00d6ZLEM RAPORUNU YAYINLADI"},"content":{"rendered":"\n<h2 class=\"wp-block-heading\">CEDAW KOM\u0130TES\u0130 T\u00dcRK\u0130YE\u2019YE \u0130L\u0130\u015eK\u0130N N\u0130HA\u0130 G\u00d6ZLEM RAPORUNU YAYINLADI<\/h2>\n\n\n\n<p>Kad\u0131nlara Kar\u015f\u0131 Her T\u00fcrl\u00fc Ayr\u0131mc\u0131l\u0131\u011f\u0131n Ortadan Kald\u0131r\u0131lmas\u0131 S\u00f6zle\u015fmesinin taraf devletler taraf\u0131ndan uygulanmas\u0131n\u0131 inceleyen ve tavsiyelerde bulunan CEDAW Komitesi, 13 Haziran \u2013 1 Temmuz 2022 tarihleri aras\u0131nda ger\u00e7ekle\u015ftirdi\u011fi 82. oturumunda T\u00fcrkiye\u2019nin\u00a0<a href=\"https:\/\/tbinternet.ohchr.org\/_layouts\/15\/treatybodyexternal\/Download.aspx?symbolno=CEDAW%2fC%2fTUR%2f8&amp;Lang=en\" target=\"_blank\" rel=\"noreferrer noopener\">sekizinci d\u00f6nem raporunu<\/a>\u00a0g\u00f6zden ge\u00e7irdi.\u00a0T\u00fcrkiye CEDAW Sivil Toplum Y\u00fcr\u00fctme Kurulunun da i\u00e7inde bulundu\u011fu\u00a0<a href=\"https:\/\/tbinternet.ohchr.org\/_layouts\/15\/TreatyBodyExternal\/Countries.aspx\" target=\"_blank\" rel=\"noreferrer noopener\">18 sivil toplum kurulu\u015fu<\/a>\u00a0Komite\u2019ye\u00a0 kendi de\u011ferlendirmelerini ve tavsiyelerini i\u00e7eren raporlar sundular.\u00a0CEDAW Komitesi\u2019nin de\u011ferlendirme ve tavsiyelerini i\u00e7eren\u00a0<a href=\"https:\/\/tbinternet.ohchr.org\/_layouts\/15\/treatybodyexternal\/Download.aspx?symbolno=CEDAW%2FC%2FTUR%2FCO%2F8&amp;Lang=en\" target=\"_blank\" rel=\"noreferrer noopener\">Nihai G\u00f6zlem Raporu<\/a>\u00a012 Temmuz 2022 tarihinde yay\u0131nland\u0131. (Nihai G\u00f6zlem Raporunun \u0130HOP taraf\u0131ndan ger\u00e7ekle\u015ftirilen gayri resmi terc\u00fcmesine buradan eri\u015febilirsiniz:\u00a0<a href=\"https:\/\/epi-turkiye.net\/web\/wp-content\/uploads\/2022\/11\/CEDAW_Nihai-Gozlem-Raporu_2022.pdf\" target=\"_blank\" rel=\"noreferrer noopener\">CEDAW_Nihai G\u00f6zlem Raporu_2022<\/a>)<\/p>\n\n\n\n<p>Komite, T\u00fcrkiye\u2019yi \u00f6ncelikli olarak iki y\u0131l i\u00e7inde Nihai G\u00f6zlem Raporunun 31(a), 38(a) ve 40(a) paragraflar\u0131nda yer alan tavsiyeleri uygulamak i\u00e7in at\u0131lan ad\u0131mlar hakk\u0131nda yaz\u0131l\u0131 bilgi sa\u011flamas\u0131n\u0131 talep etti. Bunlar,&nbsp;<strong>T\u00fcrk Ceza Yasas\u0131n\u0131n 29. maddesinde de\u011fi\u015fiklik yap\u0131lmas\u0131n\u0131,<\/strong>&nbsp;ba\u015fta etnik az\u0131nl\u0131klara mensup kad\u0131nlar ve engelli kad\u0131nlar olmak \u00fczere kad\u0131nlar\u0131n TBMM\u2019de, yerel karar organlar\u0131nda, h\u00fck\u00fcmette, kamu hizmetlerinde ve d\u0131\u015f ili\u015fkiler hizmetlerinde&nbsp;<strong>e\u015fit temsilini sa\u011flayacak ge\u00e7ici \u00f6zel \u00f6nlemler al\u0131nmas\u0131n\u0131,<\/strong>&nbsp;ve kad\u0131n insan haklar\u0131 savunucular\u0131n\u0131n, avukatlar\u0131n ve gazetecilerin me\u015fru faaliyetlerini \u00f6zg\u00fcrce ger\u00e7ekle\u015ftirmelerini sa\u011flanmas\u0131 ve kad\u0131nlar\u0131n insan haklar\u0131n\u0131 savunmalar\u0131 i\u00e7in elveri\u015fli bir ortam yarat\u0131lmas\u0131n\u0131 i\u00e7eriyor.<\/p>\n\n\n\n<p>Komite, T\u00fcrkiye\u2019yi 9. periyodik raporunu Temmuz 2026\u2019da geciktirmeden sunmaya davet etti.<\/p>\n","protected":false},"excerpt":{"rendered":"<p>CEDAW KOM\u0130TES\u0130 T\u00dcRK\u0130YE\u2019YE \u0130L\u0130\u015eK\u0130N N\u0130HA\u0130 G\u00d6ZLEM RAPORUNU YAYINLADI Kad\u0131nlara Kar\u015f\u0131 Her T\u00fcrl\u00fc Ayr\u0131mc\u0131l\u0131\u011f\u0131n Ortadan Kald\u0131r\u0131lmas\u0131 S\u00f6zle\u015fmesinin taraf devletler taraf\u0131ndan uygulanmas\u0131n\u0131 inceleyen ve tavsiyelerde bulunan CEDAW Komitesi, 13 Haziran \u2013 1 Temmuz 2022 tarihleri aras\u0131nda ger\u00e7ekle\u015ftirdi\u011fi 82. oturumunda T\u00fcrkiye\u2019nin\u00a0sekizinci d\u00f6nem raporunu\u00a0g\u00f6zden ge\u00e7irdi.\u00a0T\u00fcrkiye CEDAW Sivil Toplum Y\u00fcr\u00fctme Kurulunun da i\u00e7inde bulundu\u011fu\u00a018 sivil toplum kurulu\u015fu\u00a0Komite\u2019ye\u00a0 kendi de\u011ferlendirmelerini ve [&hellip;]<\/p>\n","protected":false},"author":1,"featured_media":0,"comment_status":"closed","ping_status":"closed","sticky":false,"template":"","format":"standard","meta":{"footnotes":""},"categories":[79,83],"tags":[],"class_list":["post-4574","post","type-post","status-publish","format-standard","hentry","category-bm-insan-haklari-mekanizmalari","category-cedaw-komitesi-nihai-gozlem-raporu"],"_links":{"self":[{"href":"https:\/\/epi-turkiye.net\/epi\/wp-json\/wp\/v2\/posts\/4574","targetHints":{"allow":["GET"]}}],"collection":[{"href":"https:\/\/epi-turkiye.net\/epi\/wp-json\/wp\/v2\/posts"}],"about":[{"href":"https:\/\/epi-turkiye.net\/epi\/wp-json\/wp\/v2\/types\/post"}],"author":[{"embeddable":true,"href":"https:\/\/epi-turkiye.net\/epi\/wp-json\/wp\/v2\/users\/1"}],"replies":[{"embeddable":true,"href":"https:\/\/epi-turkiye.net\/epi\/wp-json\/wp\/v2\/comments?post=4574"}],"version-history":[{"count":2,"href":"https:\/\/epi-turkiye.net\/epi\/wp-json\/wp\/v2\/posts\/4574\/revisions"}],"predecessor-version":[{"id":4722,"href":"https:\/\/epi-turkiye.net\/epi\/wp-json\/wp\/v2\/posts\/4574\/revisions\/4722"}],"wp:attachment":[{"href":"https:\/\/epi-turkiye.net\/epi\/wp-json\/wp\/v2\/media?parent=4574"}],"wp:term":[{"taxonomy":"category","embeddable":true,"href":"https:\/\/epi-turkiye.net\/epi\/wp-json\/wp\/v2\/categories?post=4574"},{"taxonomy":"post_tag","embeddable":true,"href":"https:\/\/epi-turkiye.net\/epi\/wp-json\/wp\/v2\/tags?post=4574"}],"curies":[{"name":"wp","href":"https:\/\/api.w.org\/{rel}","templated":true}]}}