{"id":4576,"date":"2024-02-08T11:51:34","date_gmt":"2024-02-08T11:51:34","guid":{"rendered":"https:\/\/epi-turkiye.net\/epi\/?p=4576"},"modified":"2024-03-04T10:57:45","modified_gmt":"2024-03-04T10:57:45","slug":"bm-medeni-ve-siyasal-haklar-sozlesmesi-turkiyenin-ikinci-periyodik-raporu-turkceye-cevrildi-2","status":"publish","type":"post","link":"https:\/\/epi-turkiye.net\/epi\/2024\/02\/08\/bm-medeni-ve-siyasal-haklar-sozlesmesi-turkiyenin-ikinci-periyodik-raporu-turkceye-cevrildi-2\/","title":{"rendered":"BM Medeni ve Siyasal Haklar S\u00f6zle\u015fmesi-T\u00fcrkiye\u2019nin \u0130kinci Periyodik Raporu T\u00fcrk\u00e7e\u2019ye \u00e7evrildi!"},"content":{"rendered":"\n<h2 class=\"wp-block-heading\">BM Medeni ve Siyasal Haklar S\u00f6zle\u015fmesi-T\u00fcrkiye\u2019nin \u0130kinci Periyodik Raporu T\u00fcrk\u00e7e\u2019ye \u00e7evrildi!<\/h2>\n\n\n\n<p>T\u00fcrkiye 2003 y\u0131l\u0131ndan bu yana Birle\u015fmi\u015f Milletler\u2019in temel s\u00f6zle\u015fmelerinin ba\u015f\u0131nda gelen Medeni ve Siyasal Haklar S\u00f6zle\u015fmesinin taraf\u0131d\u0131r. Bu S\u00f6zle\u015fmenin 28. Maddesi ile olu\u015fturulan \u0130nsan Haklar\u0131 Komitesinin denetim yetkisi kapsam\u0131nda T\u00fcrkiye\u2019nin S\u00f6zle\u015fmede belirtilen zaman dilimlerinde (S\u00f6zle\u015fmeye taraf olduklar\u0131 ilk bir y\u0131l i\u00e7inde, daha sonra da her be\u015f y\u0131lda bir) Komite\u2019ye rapor verme y\u00fck\u00fcml\u00fcl\u00fc\u011f\u00fc de bulunmaktad\u0131r.<\/p>\n\n\n\n<p>\u0130nsan Haklar\u0131 Komitesi, T\u00fcrkiye\u2019nin ilk periyodik raporunu (CCPR\/C\/TUR\/1) 17 ve 18 Ekim 2012 tarihlerinde yap\u0131lan 2927, 2928 ve 2929. toplant\u0131lar\u0131nda (CCPR\/C\/SR\/2927, 2928 ve 2929) de\u011ferlendirmi\u015ftir. 30 Ekim 2012 tarihinde ger\u00e7ekle\u015ftirilen 2944. toplant\u0131s\u0131nda (CCPR\/C\/SR\/2944) sonu\u00e7 g\u00f6zlemlerini kabul etmi\u015fti. Nihai G\u00f6zlemlerin son paragraf\u0131nda&nbsp;Komite, T\u00fcrkiye\u2019den,&nbsp; 31 Ekim 2016 tarihinde sunmas\u0131 gereken bir sonraki periyodik raporunda, t\u00fcm tavsiyeleri ve bir b\u00fct\u00fcn olarak S\u00f6zle\u015fme hakk\u0131nda spesifik ve g\u00fcncel bilgiler sunmas\u0131n\u0131 talep etmi\u015fti.<\/p>\n\n\n\n<p>2016 y\u0131l\u0131nda rapor vermeyen T\u00fcrkiye, \u0130nsan Haklar\u0131 Komitesi taraf\u0131ndan 25 A\u011fustos 2021\u00a0 tarihinde kendisine g\u00f6nderilen \u201ckonu listesi\u201d temelinde (<a href=\"https:\/\/epi-turkiye.net\/web\/wp-content\/uploads\/2023\/08\/BM-Medeni-ve-siyasi-haklar-komitesi_Sorular.pdf\" target=\"_blank\" rel=\"noreferrer noopener\">BM Medeni ve siyasi haklar komitesi_Sorular<\/a>) raporunu 3 A\u011fustos 2022 tarihinde Komiteye g\u00f6ndermi\u015ftir. 28 Nisan 2023 tarihinde BM\u2019nin ilgili sayfas\u0131nda yay\u0131mlanan raporun T\u00fcrk\u00e7esine buradan ula\u015fabiliriniz.\u00a0<a href=\"https:\/\/epi-turkiye.net\/web\/wp-content\/uploads\/2023\/08\/CCPR_C_TUR_2_TURKIYE-RAPORU.pdf\" target=\"_blank\" rel=\"noreferrer noopener\">CCPR<\/a><a href=\"https:\/\/epi-turkiye.net\/web\/wp-content\/uploads\/2023\/08\/CCPR_C_TUR_2_TURKIYE-RAPORU.pdf\">_C_TUR_2_T\u00dcRK\u0130YE RAPORU<\/a><\/p>\n","protected":false},"excerpt":{"rendered":"<p>BM Medeni ve Siyasal Haklar S\u00f6zle\u015fmesi-T\u00fcrkiye\u2019nin \u0130kinci Periyodik Raporu T\u00fcrk\u00e7e\u2019ye \u00e7evrildi! T\u00fcrkiye 2003 y\u0131l\u0131ndan bu yana Birle\u015fmi\u015f Milletler\u2019in temel s\u00f6zle\u015fmelerinin ba\u015f\u0131nda gelen Medeni ve Siyasal Haklar S\u00f6zle\u015fmesinin taraf\u0131d\u0131r. Bu S\u00f6zle\u015fmenin 28. Maddesi ile olu\u015fturulan \u0130nsan Haklar\u0131 Komitesinin denetim yetkisi kapsam\u0131nda T\u00fcrkiye\u2019nin S\u00f6zle\u015fmede belirtilen zaman dilimlerinde (S\u00f6zle\u015fmeye taraf olduklar\u0131 ilk bir y\u0131l i\u00e7inde, daha sonra da [&hellip;]<\/p>\n","protected":false},"author":1,"featured_media":0,"comment_status":"closed","ping_status":"closed","sticky":false,"template":"","format":"standard","meta":{"footnotes":""},"categories":[79,80],"tags":[],"class_list":["post-4576","post","type-post","status-publish","format-standard","hentry","category-bm-insan-haklari-mekanizmalari","category-bm-medeni-ve-siyasal-haklar-sozlesmesi"],"_links":{"self":[{"href":"https:\/\/epi-turkiye.net\/epi\/wp-json\/wp\/v2\/posts\/4576","targetHints":{"allow":["GET"]}}],"collection":[{"href":"https:\/\/epi-turkiye.net\/epi\/wp-json\/wp\/v2\/posts"}],"about":[{"href":"https:\/\/epi-turkiye.net\/epi\/wp-json\/wp\/v2\/types\/post"}],"author":[{"embeddable":true,"href":"https:\/\/epi-turkiye.net\/epi\/wp-json\/wp\/v2\/users\/1"}],"replies":[{"embeddable":true,"href":"https:\/\/epi-turkiye.net\/epi\/wp-json\/wp\/v2\/comments?post=4576"}],"version-history":[{"count":2,"href":"https:\/\/epi-turkiye.net\/epi\/wp-json\/wp\/v2\/posts\/4576\/revisions"}],"predecessor-version":[{"id":4723,"href":"https:\/\/epi-turkiye.net\/epi\/wp-json\/wp\/v2\/posts\/4576\/revisions\/4723"}],"wp:attachment":[{"href":"https:\/\/epi-turkiye.net\/epi\/wp-json\/wp\/v2\/media?parent=4576"}],"wp:term":[{"taxonomy":"category","embeddable":true,"href":"https:\/\/epi-turkiye.net\/epi\/wp-json\/wp\/v2\/categories?post=4576"},{"taxonomy":"post_tag","embeddable":true,"href":"https:\/\/epi-turkiye.net\/epi\/wp-json\/wp\/v2\/tags?post=4576"}],"curies":[{"name":"wp","href":"https:\/\/api.w.org\/{rel}","templated":true}]}}