{"id":103,"date":"2020-01-24T02:44:48","date_gmt":"2020-01-23T23:44:48","guid":{"rendered":"https:\/\/epi-turkiye.net\/portal\/?p=103"},"modified":"2022-03-21T10:34:17","modified_gmt":"2022-03-21T07:34:17","slug":"103","status":"publish","type":"post","link":"https:\/\/epi-turkiye.net\/web\/2020\/01\/24\/103\/","title":{"rendered":"BM \u0130nsan Haklar\u0131 Konseyi 16\/21 Say\u0131l\u0131 Karar\u0131 Eki\u2019nin Be\u015finci Paragraf\u0131 Uyar\u0131nca Sunulan Ulusal Rapor-T\u00dcRK\u0130YE &#8211; 14 Ekim 2019"},"content":{"rendered":"<p><a href=\"https:\/\/epi-turkiye.net\/web\/wp-content\/uploads\/2020\/01\/epim-ulusal-rapor-gayri-resmi-turkce.pdf\">BM \u0130nsan Haklar\u0131 Konseyi 16\/21 Say\u0131l\u0131 Karar\u0131 Eki\u2019nin Be\u015finci Paragraf\u0131 Uyar\u0131nca Sunulan Ulusal Raporu indirmek i\u00e7in t\u0131klay\u0131n\u0131z<\/a><\/p>\n<p><b>I. METODOLOJ\u0130 VE DANI\u015eMA S\u00dcREC\u0130<span class=\"Apple-converted-space\">\u00a0<\/span><\/b><\/p>\n<p>1. Bu raporun haz\u0131rl\u0131klar\u0131 \u0130nsan Haklar\u0131 Konseyi\u2019nin (\u0130HK) yay\u0131nlad\u0131\u011f\u0131 rehber ilkeler esas al\u0131nmak suretiyle D\u0131\u015fi\u015fleri Bakanl\u0131\u011f\u0131 (DB) taraf\u0131ndan koordine edilmi\u015ftir. Haz\u0131rl\u0131k s\u00fcrecinde ilgili devlet kurumlar\u0131, ulusal insan haklar\u0131 kurumlar\u0131 (U\u0130HK), sivil toplum temsilcileri ve \u00fcniversitelerle dan\u0131\u015fma toplant\u0131lar\u0131 yap\u0131lm\u0131\u015f, bu kurumlar raporun i\u00e7eri\u011fine katk\u0131da bulunmu\u015flard\u0131r.<span class=\"Apple-converted-space\">\u00a0<\/span><\/p>\n<p>2. Sivil toplumla dan\u0131\u015fma s\u00fcreci iki a\u015famada ger\u00e7ekle\u015ftirilmi\u015ftir. DB, sivil toplum payda\u015flar\u0131 ve kamu kurumlar\u0131n\u0131n kat\u0131l\u0131m\u0131yla, 30 Eyl\u00fcl 2019 tarihinde bir isti\u015fare toplant\u0131s\u0131 d\u00fczenlemi\u015ftir. T\u00fcm payda\u015flar, DB\u2019nin internet sitesinde olu\u015fturulan ba\u011flant\u0131y\u0131 kullanarak s\u00fcrece katk\u0131da bulunmaya davet edilmi\u015flerdir. Ulusal raporda yer alan \u00f6ncelikli konular\u0131n saptanmas\u0131nda sivil toplum \u00f6rg\u00fctlerinin katk\u0131lar\u0131 belirleyici rol oynam\u0131\u015ft\u0131r. Ulusal rapor, DB\u2019nin internet sitesinde yay\u0131nlanm\u0131\u015ft\u0131r.<span class=\"Apple-converted-space\">\u00a0<\/span><\/p>\n<p>3. Evrensel Periyodik \u0130nceleme Mekanizmas\u0131\u2019n\u0131n (EP\u0130M) 2015 y\u0131l\u0131nda ger\u00e7ekle\u015ftirilen ikinci tur incelemesi s\u0131ras\u0131nda T\u00fcrkiye\u2019ye y\u00f6neltilen tavsiyeler T\u00fcrk\u00e7e\u2019ye \u00e7evrilmi\u015f, ilgili t\u00fcm kamu kurumlar\u0131na ve U\u0130HK&#8217;lara g\u00f6nderilmi\u015f ve uygulanmalar\u0131n\u0131n izlenmesi amac\u0131yla Reform Eylem Grubu\u2019na (REG) sunulmu\u015ftur.<span class=\"Apple-converted-space\">\u00a0<\/span><\/p>\n<p>4. Bu rapor, T\u00fcrkiye\u2019nin ikinci tur EP\u0130M incelemesinden bu yana insan haklar\u0131 alan\u0131nda ya\u015fanan geli\u015fmeler ile ikinci tur EP\u0130M incelemesi s\u0131ras\u0131nda y\u00f6neltilen ve T\u00fcrkiye\u2019nin kabul etti\u011fi tavsiyelere odaklanacakt\u0131r.<span class=\"Apple-converted-space\">\u00a0<\/span><\/p>\n<p><b>II. ANA \u00c7ER\u00c7EVE<span class=\"Apple-converted-space\">\u00a0<\/span><\/b><\/p>\n<p>5. \u0130ncelenen d\u00f6nemi do\u011fru bir \u015fekilde yans\u0131tabilmek i\u00e7in, ilk olarak ana \u00e7er\u00e7evenin t\u00fcm y\u00f6nleriyle ele al\u0131nmas\u0131 \u00f6nemlidir. T\u00fcrkiye, 15 Temmuz 2016 tarihinde, Fethullah\u00e7\u0131 Ter\u00f6r \u00d6rg\u00fct\u00fc (FET\u00d6) taraf\u0131ndan organize edilen ve y\u00fcr\u00fct\u00fclen, daha \u00f6nce g\u00f6r\u00fclmemi\u015f derecede b\u00fcy\u00fck ve vah\u015fi bir darbe giri\u015fimi ile kar\u015f\u0131 kar\u015f\u0131ya kalm\u0131\u015ft\u0131r. Darbe giri\u015fimi, 250\u2019den fazla ki\u015finin \u00f6l\u00fcm\u00fcne ve binlerce insan\u0131n yaralanmas\u0131na sebep olmas\u0131n\u0131n yan\u0131 s\u0131ra T\u00fcrk demokrasisini ve anayasal d\u00fczeni, ba\u015fta ya\u015fam hakk\u0131 olmak \u00fczere temel hak ve \u00f6zg\u00fcrl\u00fckleri hedef alm\u0131\u015ft\u0131r.<span class=\"Apple-converted-space\">\u00a0<\/span><\/p>\n<p>6. \u00d6zel sekt\u00f6r ve medyadaki varl\u0131\u011f\u0131n\u0131n yan\u0131 s\u0131ra devlet organlar\u0131na da s\u0131zmas\u0131yla devletin g\u00fcvenli\u011fine kar\u015f\u0131 ciddi bir tehdit te\u015fkil eden FET\u00d6 ile etkin bir \u015fekilde m\u00fccadele edilmesi amac\u0131yla, darbe giri\u015fiminin hemen ard\u0131ndan T\u00fcrk demokrasisinin devaml\u0131l\u0131\u011f\u0131n\u0131n sa\u011flanmas\u0131 ve hukukun \u00fcst\u00fcnl\u00fc\u011f\u00fc ile vatanda\u015flar\u0131m\u0131z\u0131n hak ve \u00f6zg\u00fcrl\u00fcklerinin korunmas\u0131 i\u00e7in Ola\u011fan\u00fcst\u00fc Hal (OHAL) ilan edilmi\u015ftir. Karar, Meclis1 taraf\u0131ndan 21 Temmuz 2016 tarihinde onaylanm\u0131\u015ft\u0131r.<span class=\"Apple-converted-space\">\u00a0<\/span><\/p>\n<p>7. T\u00fcrkiye, OHAL ilan\u0131n\u0131n ard\u0131ndan, Avrupa \u0130nsan Haklar\u0131 S\u00f6zle\u015fmesi (A\u0130HS) ve Medeni ve Siyasi Haklara \u0130li\u015fkin Uluslararas\u0131 S\u00f6zle\u015fme (MSHS) kapsam\u0131ndaki y\u00fck\u00fcml\u00fcl\u00fcklerine ili\u015fkin olarak derogasyon hakk\u0131na ba\u015fvurmu\u015ftur. Derogasyon bildirimleri, bu S\u00f6zle\u015fmelerin izin verdi\u011fi haklarla ilgili olarak, A\u0130HS&#8217;nin 15. maddesi uyar\u0131nca Avrupa<span class=\"Apple-converted-space\">\u00a0<\/span><\/p>\n<p><a href=\"https:\/\/epi-turkiye.net\/web\/wp-content\/uploads\/2020\/01\/epim-ulusal-rapor-gayri-resmi-turkce.pdf\">Devam\u0131 i\u00e7in l\u00fctfen t\u0131klay\u0131n\u0131z.<\/a><\/p>\n<p>[pdf-embedder url=&#8221;https:\/\/epi-turkiye.net\/web\/wp-content\/uploads\/2020\/01\/epim-ulusal-rapor-gayri-resmi-turkce.pdf&#8221; title=&#8221;BM \u0130nsan Haklar\u0131 Konseyi 16\/21 Say\u0131l\u0131 Karar\u0131 Eki\u2019nin Be\u015finci Paragraf\u0131 Uyar\u0131nca Sunulan Ulusal Raporu indirmek i\u00e7in t\u0131klay\u0131n\u0131z&#8221;]<\/p>\n","protected":false},"excerpt":{"rendered":"<p>BM \u0130nsan Haklar\u0131 Konseyi 16\/21 Say\u0131l\u0131 Karar\u0131 Eki\u2019nin Be\u015finci Paragraf\u0131 Uyar\u0131nca Sunulan Ulusal Raporu indirmek i\u00e7in t\u0131klay\u0131n\u0131z I. METODOLOJ\u0130 VE DANI\u015eMA S\u00dcREC\u0130\u00a0 1. Bu raporun haz\u0131rl\u0131klar\u0131 \u0130nsan Haklar\u0131 Konseyi\u2019nin (\u0130HK) yay\u0131nlad\u0131\u011f\u0131 rehber ilkeler esas al\u0131nmak suretiyle D\u0131\u015fi\u015fleri Bakanl\u0131\u011f\u0131 (DB) taraf\u0131ndan koordine edilmi\u015ftir. Haz\u0131rl\u0131k s\u00fcrecinde ilgili devlet kurumlar\u0131, ulusal insan haklar\u0131 kurumlar\u0131 (U\u0130HK), sivil toplum temsilcileri [&hellip;]<\/p>\n","protected":false},"author":1,"featured_media":123,"comment_status":"open","ping_status":"open","sticky":false,"template":"","format":"standard","meta":{"footnotes":""},"categories":[11,8,5],"tags":[],"class_list":{"0":"post-103","1":"post","2":"type-post","3":"status-publish","4":"format-standard","5":"has-post-thumbnail","7":"category-2-dongu-2015-2020","8":"category-epi-inceleme-raporlari","9":"category-yayinlar"},"_links":{"self":[{"href":"https:\/\/epi-turkiye.net\/web\/wp-json\/wp\/v2\/posts\/103","targetHints":{"allow":["GET"]}}],"collection":[{"href":"https:\/\/epi-turkiye.net\/web\/wp-json\/wp\/v2\/posts"}],"about":[{"href":"https:\/\/epi-turkiye.net\/web\/wp-json\/wp\/v2\/types\/post"}],"author":[{"embeddable":true,"href":"https:\/\/epi-turkiye.net\/web\/wp-json\/wp\/v2\/users\/1"}],"replies":[{"embeddable":true,"href":"https:\/\/epi-turkiye.net\/web\/wp-json\/wp\/v2\/comments?post=103"}],"version-history":[{"count":1,"href":"https:\/\/epi-turkiye.net\/web\/wp-json\/wp\/v2\/posts\/103\/revisions"}],"predecessor-version":[{"id":265,"href":"https:\/\/epi-turkiye.net\/web\/wp-json\/wp\/v2\/posts\/103\/revisions\/265"}],"wp:featuredmedia":[{"embeddable":true,"href":"https:\/\/epi-turkiye.net\/web\/wp-json\/wp\/v2\/media\/123"}],"wp:attachment":[{"href":"https:\/\/epi-turkiye.net\/web\/wp-json\/wp\/v2\/media?parent=103"}],"wp:term":[{"taxonomy":"category","embeddable":true,"href":"https:\/\/epi-turkiye.net\/web\/wp-json\/wp\/v2\/categories?post=103"},{"taxonomy":"post_tag","embeddable":true,"href":"https:\/\/epi-turkiye.net\/web\/wp-json\/wp\/v2\/tags?post=103"}],"curies":[{"name":"wp","href":"https:\/\/api.w.org\/{rel}","templated":true}]}}