{"id":169,"date":"2021-07-29T12:27:09","date_gmt":"2021-07-29T09:27:09","guid":{"rendered":"https:\/\/epi-turkiye.net\/web\/?p=169"},"modified":"2021-07-29T12:37:09","modified_gmt":"2021-07-29T09:37:09","slug":"acliga-son","status":"publish","type":"post","link":"https:\/\/epi-turkiye.net\/web\/2021\/07\/29\/acliga-son\/","title":{"rendered":"2-A\u00c7LI\u011eA SON"},"content":{"rendered":"<p style=\"text-align: justify;\">Son 20 y\u0131lda h\u0131zl\u0131 ekonomik b\u00fcy\u00fcme ve tar\u0131msal verimlilikteki art\u0131\u015f, yetersiz beslenen insanlar\u0131n say\u0131s\u0131nda yar\u0131dan fazla azalma sa\u011flam\u0131\u015ft\u0131r. Eskiden k\u0131tl\u0131k ve a\u00e7l\u0131k \u00e7eken geli\u015fmekte olan \u00fclkelerin \u00e7o\u011fu, en korunmas\u0131z kitlelerin beslenme ihtiya\u00e7lar\u0131n\u0131 art\u0131k kar\u015f\u0131layabiliyor. Orta ve Do\u011fu Asya, Latin Amerika ve Karayipler\u2019de, a\u015f\u0131r\u0131 a\u00e7l\u0131\u011f\u0131n ortadan kald\u0131r\u0131lmas\u0131nda b\u00fcy\u00fck ilerleme kaydedilmi\u015ftir.<\/p>\n<p>Bunlar\u0131n t\u00fcm\u00fc, ilk Biny\u0131l Kalk\u0131nma Hedefleri taraf\u0131ndan konulan hedeflerin ger\u00e7ekle\u015ftirilmesinde b\u00fcy\u00fck ba\u015far\u0131lard\u0131r. Ne yaz\u0131k ki, a\u015f\u0131r\u0131 a\u00e7l\u0131k ve yetersiz beslenme bir\u00e7ok \u00fclkede kalk\u0131nman\u0131n \u00f6n\u00fcnde b\u00fcy\u00fck bir engel olarak duruyor. 2014 y\u0131l\u0131 itibar\u0131yla, genellikle \u00e7evrenin bozulmas\u0131, kurakl\u0131k ve biyo-\u00e7e\u015fitlili\u011fin kayb\u0131n\u0131n do\u011frudan sonucu olarak, 795 milyon insan\u0131n s\u00fcrekli bi\u00e7imde yetersiz beslendi\u011fi tahmin ediliyor. Be\u015f ya\u015f\u0131n alt\u0131nda 90 milyonu a\u015fk\u0131n \u00e7ocuk ise gerekli v\u00fccut a\u011f\u0131rl\u0131\u011f\u0131n\u0131n tehlikeli d\u00fczeyde alt\u0131ndad\u0131r. \u00d6te yandan, Afrika\u2019da her d\u00f6rt insandan biri a\u00e7t\u0131r.<\/p>\n<p>S\u00fcrd\u00fcr\u00fclebilir Kalk\u0131nma Ama\u00e7lar\u0131, 2030 y\u0131l\u0131na kadar a\u00e7l\u0131k ve yetersiz beslenmenin her bi\u00e7imini sona erdirmeyi, ba\u015fta \u00e7ocuklar olmak \u00fczere t\u00fcm insanlar\u0131n y\u0131l boyunca yeterli besine sahip olmas\u0131n\u0131 hedefliyor. Ama\u00e7lar, k\u00fc\u00e7\u00fck \u00e7ift\u00e7ilerin desteklenmesi ve arazi, teknoloji ve piyasalara e\u015fit eri\u015fimlerini destekleyen s\u00fcrd\u00fcr\u00fclebilir tar\u0131m uygulamalar\u0131n\u0131n te\u015fvik edilmesini kaps\u0131yor. Ayn\u0131 zamanda, tar\u0131mda verimlili\u011fi art\u0131rmak i\u00e7in altyap\u0131 ve teknolojiye yat\u0131r\u0131m yap\u0131lmas\u0131 alan\u0131nda uluslararas\u0131 i\u015fbirli\u011fini gerektiriyor. S\u00fcrd\u00fcr\u00fclebilir Kalk\u0131nma Ama\u00e7lar\u0131 kapsam\u0131nda konulan di\u011fer hedeflerle birlikte, 2030 y\u0131l\u0131na kadar a\u00e7l\u0131\u011f\u0131 ortadan kald\u0131rabiliriz.<\/p>\n","protected":false},"excerpt":{"rendered":"<p>Son 20 y\u0131lda h\u0131zl\u0131 ekonomik b\u00fcy\u00fcme ve tar\u0131msal verimlilikteki art\u0131\u015f, yetersiz beslenen insanlar\u0131n say\u0131s\u0131nda yar\u0131dan fazla azalma sa\u011flam\u0131\u015ft\u0131r. Eskiden k\u0131tl\u0131k ve a\u00e7l\u0131k \u00e7eken geli\u015fmekte olan \u00fclkelerin \u00e7o\u011fu, en korunmas\u0131z kitlelerin beslenme ihtiya\u00e7lar\u0131n\u0131 art\u0131k kar\u015f\u0131layabiliyor. Orta ve Do\u011fu Asya, Latin Amerika ve Karayipler\u2019de, a\u015f\u0131r\u0131 a\u00e7l\u0131\u011f\u0131n ortadan kald\u0131r\u0131lmas\u0131nda b\u00fcy\u00fck ilerleme kaydedilmi\u015ftir. Bunlar\u0131n t\u00fcm\u00fc, ilk Biny\u0131l Kalk\u0131nma Hedefleri [&hellip;]<\/p>\n","protected":false},"author":1,"featured_media":170,"comment_status":"open","ping_status":"open","sticky":false,"template":"","format":"standard","meta":{"footnotes":""},"categories":[7],"tags":[],"class_list":{"0":"post-169","1":"post","2":"type-post","3":"status-publish","4":"format-standard","5":"has-post-thumbnail","7":"category-izleme-alanlari"},"_links":{"self":[{"href":"https:\/\/epi-turkiye.net\/web\/wp-json\/wp\/v2\/posts\/169","targetHints":{"allow":["GET"]}}],"collection":[{"href":"https:\/\/epi-turkiye.net\/web\/wp-json\/wp\/v2\/posts"}],"about":[{"href":"https:\/\/epi-turkiye.net\/web\/wp-json\/wp\/v2\/types\/post"}],"author":[{"embeddable":true,"href":"https:\/\/epi-turkiye.net\/web\/wp-json\/wp\/v2\/users\/1"}],"replies":[{"embeddable":true,"href":"https:\/\/epi-turkiye.net\/web\/wp-json\/wp\/v2\/comments?post=169"}],"version-history":[{"count":2,"href":"https:\/\/epi-turkiye.net\/web\/wp-json\/wp\/v2\/posts\/169\/revisions"}],"predecessor-version":[{"id":193,"href":"https:\/\/epi-turkiye.net\/web\/wp-json\/wp\/v2\/posts\/169\/revisions\/193"}],"wp:featuredmedia":[{"embeddable":true,"href":"https:\/\/epi-turkiye.net\/web\/wp-json\/wp\/v2\/media\/170"}],"wp:attachment":[{"href":"https:\/\/epi-turkiye.net\/web\/wp-json\/wp\/v2\/media?parent=169"}],"wp:term":[{"taxonomy":"category","embeddable":true,"href":"https:\/\/epi-turkiye.net\/web\/wp-json\/wp\/v2\/categories?post=169"},{"taxonomy":"post_tag","embeddable":true,"href":"https:\/\/epi-turkiye.net\/web\/wp-json\/wp\/v2\/tags?post=169"}],"curies":[{"name":"wp","href":"https:\/\/api.w.org\/{rel}","templated":true}]}}