{"id":327,"date":"2023-04-02T10:54:18","date_gmt":"2023-04-02T07:54:18","guid":{"rendered":"https:\/\/epi-turkiye.net\/web\/?p=327"},"modified":"2023-08-28T17:33:40","modified_gmt":"2023-08-28T14:33:40","slug":"6-subat-2023-kahramanmaras-pazarcik-ve-elbistan-depremleri-on-gozlem-raporu","status":"publish","type":"post","link":"https:\/\/epi-turkiye.net\/web\/2023\/04\/02\/6-subat-2023-kahramanmaras-pazarcik-ve-elbistan-depremleri-on-gozlem-raporu\/","title":{"rendered":"Tematik Raporlar: 6 \u015eUBAT 2023 KAHRAMANMARA\u015e &#8211; PAZARCIK VE ELB\u0130STAN DEPREMLER\u0130 \u00d6N G\u00d6ZLEM RAPORU"},"content":{"rendered":"<p>\u0130nsan haklar\u0131n\u0131 koruyan, geli\u015ftiren s\u00f6zle\u015fmeleri gere\u011fince taraf devletlerin uluslararas\u0131 insan haklar\u0131 standartlar\u0131n\u0131 uygulama y\u00fck\u00fcml\u00fcl\u00fc\u011f\u00fc, do\u011fal afetlerde de ge\u00e7erlidir. Uluslararas\u0131 insan haklar\u0131 standartlar\u0131na ba\u011fl\u0131l\u0131k, afetten etkilenenler veya yararlan\u0131c\u0131lar\u0131n temel ihtiya\u00e7lar\u0131n\u0131n kar\u015f\u0131lanmas\u0131n\u0131 sa\u011flaman\u0131n temelini olu\u015fturur. \u0130nsan haklar\u0131 \u00f6rg\u00fctleri, insan haklar\u0131 temelli sivil toplum \u00f6rg\u00fctleri ve \u00e7evre ba\u015fta olmak \u00fczere di\u011fer ilgili hak alanlar\u0131n\u0131n savunucular\u0131 afet \u00f6ncesinde, afet s\u0131ras\u0131nda ve afet sonras\u0131nda y\u00fcr\u00fct\u00fclecek b\u00fct\u00fcn operasyonlar\u0131n planlanmas\u0131 ve y\u00fcr\u00fct\u00fclmesi s\u00fcre\u00e7lerinin g\u00f6z ard\u0131 edilemez payda\u015flar\u0131d\u0131r. Afet sonras\u0131 yard\u0131m ve yeniden yap\u0131land\u0131rma \u00e7al\u0131\u015fmalar\u0131n\u0131n insan haklar\u0131n\u0131 ve di\u011fer hak alanlar\u0131n\u0131 koruyan ve geli\u015ftiren bir \u00e7er\u00e7evede y\u00fcr\u00fct\u00fclmesini sa\u011flaman\u0131n g\u00fcvencelerini<br \/>\nolu\u015ftururlar.<\/p>\n<p>Ceza \u0130nfaz Sisteminde Sivil Toplum Derne\u011fi, E\u015fit Haklar \u0130\u00e7in \u0130zleme Derne\u011fi, F\u0130SA \u00c7ocuk Haklar\u0131 Merkezi, Hakikat Adalet Haf\u0131za Merkezi, Adil Yarg\u0131lanma Hakk\u0131na Eri\u015fim Derne\u011fi, Yurtta\u015fl\u0131k Derne\u011fi temsilcileri Kapasite Geli\u015ftirme Derne\u011fi ve ba\u011f\u0131ms\u0131z uzmanlar\u0131n kat\u0131l\u0131m\u0131yla olu\u015fturulan sivil toplum heyeti taraf\u0131ndan; 6 \u015eubat 2023 g\u00fcn\u00fc Kahramanmara\u015f Pazarc\u0131k ve Elbistan merkezli depremin etkiledi\u011fi, Adana, Ad\u0131yaman, Hatay, Gaziantep, Kahramanmara\u015f, Malatya, Osmaniye, \u015eanl\u0131urfa illeri ile, Elbistan, \u0130skenderun, K\u0131r\u0131khan, Samanda\u011f il\u00e7elerine 11-14 \u015eubat 2023 tarihleri aras\u0131nda bir g\u00f6zlem ziyareti ger\u00e7ekle\u015ftirilmi\u015ftir. Ziyaretler, depremzede b\u00f6lgenin d\u00f6rt ayr\u0131 y\u00f6resine ve e\u015f zamanl\u0131<br \/>\nolarak yap\u0131lm\u0131\u015ft\u0131r.<\/p>\n<p>6 \u015eubat 2023 tarihinde ger\u00e7ekle\u015fen Pazarc\u0131k ve Elbistan depremlerinin ard\u0131ndan ortaya \u00e7\u0131kan ve on binlerce ki\u015finin \u00f6l\u00fcm\u00fcne ve yaralanmas\u0131na yol a\u00e7an afetin y\u00f6netiminin insan haklar\u0131 perspektifinden de\u011ferlendirilmesi amac\u0131n\u0131 ta\u015f\u0131yan bu rapor g\u00f6zlem misyonunun m\u00fcmk\u00fcn oldu\u011funca birka\u00e7 farkl\u0131 kaynaktan teyit edilmi\u015f bulgular\u0131na dayanmaktad\u0131r.<\/p>\n<p>Rapora eri\u015fim: <a href=\"https:\/\/epi-turkiye.net\/web\/wp-content\/uploads\/2023\/05\/6-SUBAT-2023-KAHRAMANMARAS-PAZARCIK-VE-ELBISTAN-DEPREMLERI-ON-GOZLEM-RAPORU.pdf\">6-SUBAT-2023-KAHRAMANMARAS-PAZARCIK-VE-ELBISTAN-DEPREMLERI-ON-GOZLEM-RAPORU<\/a><\/p>\n","protected":false},"excerpt":{"rendered":"<p>\u0130nsan haklar\u0131n\u0131 koruyan, geli\u015ftiren s\u00f6zle\u015fmeleri gere\u011fince taraf devletlerin uluslararas\u0131 insan haklar\u0131 standartlar\u0131n\u0131 uygulama y\u00fck\u00fcml\u00fcl\u00fc\u011f\u00fc, do\u011fal afetlerde de ge\u00e7erlidir. Uluslararas\u0131 insan haklar\u0131 standartlar\u0131na ba\u011fl\u0131l\u0131k, afetten etkilenenler veya yararlan\u0131c\u0131lar\u0131n temel ihtiya\u00e7lar\u0131n\u0131n kar\u015f\u0131lanmas\u0131n\u0131 sa\u011flaman\u0131n temelini olu\u015fturur. \u0130nsan haklar\u0131 \u00f6rg\u00fctleri, insan haklar\u0131 temelli sivil toplum \u00f6rg\u00fctleri ve \u00e7evre ba\u015fta olmak \u00fczere di\u011fer ilgili hak alanlar\u0131n\u0131n savunucular\u0131 afet \u00f6ncesinde, afet [&hellip;]<\/p>\n","protected":false},"author":2,"featured_media":329,"comment_status":"open","ping_status":"open","sticky":false,"template":"","format":"standard","meta":{"footnotes":""},"categories":[3],"tags":[],"class_list":{"0":"post-327","1":"post","2":"type-post","3":"status-publish","4":"format-standard","5":"has-post-thumbnail","7":"category-bilgi-notlari"},"_links":{"self":[{"href":"https:\/\/epi-turkiye.net\/web\/wp-json\/wp\/v2\/posts\/327","targetHints":{"allow":["GET"]}}],"collection":[{"href":"https:\/\/epi-turkiye.net\/web\/wp-json\/wp\/v2\/posts"}],"about":[{"href":"https:\/\/epi-turkiye.net\/web\/wp-json\/wp\/v2\/types\/post"}],"author":[{"embeddable":true,"href":"https:\/\/epi-turkiye.net\/web\/wp-json\/wp\/v2\/users\/2"}],"replies":[{"embeddable":true,"href":"https:\/\/epi-turkiye.net\/web\/wp-json\/wp\/v2\/comments?post=327"}],"version-history":[{"count":2,"href":"https:\/\/epi-turkiye.net\/web\/wp-json\/wp\/v2\/posts\/327\/revisions"}],"predecessor-version":[{"id":385,"href":"https:\/\/epi-turkiye.net\/web\/wp-json\/wp\/v2\/posts\/327\/revisions\/385"}],"wp:featuredmedia":[{"embeddable":true,"href":"https:\/\/epi-turkiye.net\/web\/wp-json\/wp\/v2\/media\/329"}],"wp:attachment":[{"href":"https:\/\/epi-turkiye.net\/web\/wp-json\/wp\/v2\/media?parent=327"}],"wp:term":[{"taxonomy":"category","embeddable":true,"href":"https:\/\/epi-turkiye.net\/web\/wp-json\/wp\/v2\/categories?post=327"},{"taxonomy":"post_tag","embeddable":true,"href":"https:\/\/epi-turkiye.net\/web\/wp-json\/wp\/v2\/tags?post=327"}],"curies":[{"name":"wp","href":"https:\/\/api.w.org\/{rel}","templated":true}]}}